{"id":769,"date":"2016-07-08T06:34:05","date_gmt":"2016-07-08T06:34:05","guid":{"rendered":"http:\/\/josiajourdan.ch\/wordpress\/?p=769"},"modified":"2019-07-17T23:49:15","modified_gmt":"2019-07-17T21:49:15","slug":"transformation-am-feuersee","status":"publish","type":"post","link":"https:\/\/www.josiajourdan.ch\/wordpress\/transformation-am-feuersee\/","title":{"rendered":"Transformation am Feuersee \/ Rezension"},"content":{"rendered":"<p><b>Klappentext<\/b><br \/>\nMutter ist tot und das seit 2 Monaten. Ihr weiteres Leben muss <a href=\"https:\/\/i0.wp.com\/josiajourdan.ch\/wordpress\/wp-content\/uploads\/2016\/07\/image-4.jpeg\"><img fetchpriority=\"high\" decoding=\"async\" data-attachment-id=\"770\" data-permalink=\"https:\/\/www.josiajourdan.ch\/wordpress\/transformation-am-feuersee\/image-143\/\" data-orig-file=\"https:\/\/i0.wp.com\/www.josiajourdan.ch\/wordpress\/wp-content\/uploads\/2016\/07\/image-4.jpeg?fit=316%2C499&amp;ssl=1\" data-orig-size=\"316,499\" data-comments-opened=\"1\" data-image-meta=\"{&quot;aperture&quot;:&quot;0&quot;,&quot;credit&quot;:&quot;&quot;,&quot;camera&quot;:&quot;&quot;,&quot;caption&quot;:&quot;&quot;,&quot;created_timestamp&quot;:&quot;0&quot;,&quot;copyright&quot;:&quot;&quot;,&quot;focal_length&quot;:&quot;0&quot;,&quot;iso&quot;:&quot;0&quot;,&quot;shutter_speed&quot;:&quot;0&quot;,&quot;title&quot;:&quot;&quot;,&quot;orientation&quot;:&quot;0&quot;}\" data-image-title=\"image\" data-image-description=\"\" data-image-caption=\"\" data-medium-file=\"https:\/\/i0.wp.com\/www.josiajourdan.ch\/wordpress\/wp-content\/uploads\/2016\/07\/image-4.jpeg?fit=190%2C300&amp;ssl=1\" data-large-file=\"https:\/\/i0.wp.com\/www.josiajourdan.ch\/wordpress\/wp-content\/uploads\/2016\/07\/image-4.jpeg?fit=316%2C499&amp;ssl=1\" class=\"size-medium wp-image-770 alignright\" src=\"https:\/\/i0.wp.com\/josiajourdan.ch\/wordpress\/wp-content\/uploads\/2016\/07\/image-4-190x300.jpeg?resize=190%2C300\" alt=\"image\" width=\"190\" height=\"300\" srcset=\"https:\/\/i0.wp.com\/www.josiajourdan.ch\/wordpress\/wp-content\/uploads\/2016\/07\/image-4.jpeg?resize=190%2C300&amp;ssl=1 190w, https:\/\/i0.wp.com\/www.josiajourdan.ch\/wordpress\/wp-content\/uploads\/2016\/07\/image-4.jpeg?w=316&amp;ssl=1 316w\" sizes=\"(max-width: 190px) 100vw, 190px\" data-recalc-dims=\"1\" \/><\/a>Caroline nun beim Vater verbringen. Aber warum kann sie sich nicht an die vergangenen Wochen erinnern? Und warum versuchen alle <!--more-->Sch\u00fcler in der neuen Schule, ihr etwas zu verheimlichen? Ausserdem gibt es noch ihren mysteri\u00f6sen Teamkollegen Ben, der sie zu hassen scheint. Aber wieso? Caroline weiss, zu all ihren Fragen gibt es einen Schl\u00fcssel. Sie muss ihn nur finden.<\/p>\n<p><b>Geschichte<\/b><br \/>\nWow! So wirr und zwischen den Zeilen! Ich muss sagen aus der Geschichte bin ich bis jetzt noch nicht ganz schl\u00fcssig geworden. Ich habe die Hauptlandung verstanden und auch einige der Nebenstorys! Trotzdem&#8230; Das Buch wirft viele Fragen auf und was es mit der Transformation auf sich hat&#8230; Naja, ich freu mich auf einen Aufschluss gebenden 2. Teil.<\/p>\n<p><b>Charaktere<\/b><br \/>\nCaroline, das rothaarige M\u00e4dchen, welches zu Beginn der Story so viel Leid ertr\u00e4gt und dann in einer Schule landet, in welcher alles seltsam ist.<br \/>\nSie ist ein sehr seltsamer Charakter. S\u00fcss, geheimnisvoll und irgendwie ist sie mir trotzdem nicht ganz sympathisch!<br \/>\nBen, der Klappmesser spielende Junge, welcher zu Beginn des Buches total fies zu Caroline ist und am Ende der herzensbeste Freund ist, den man sich vorstellen kann, ist mir von Beginn weg sympathisch. Er wirkt verschlossen und geheimnisvoll, doch er hat etwas, was ihm einen positiven Touch gibt!<\/p>\n<p><b>Schreibstil<\/b><br \/>\nSandra, du schreibst sehr sch\u00f6n! Du h\u00fcbschst alles gut mit Adjektiven aus und die einzelnen Verben, welche du benutzt, kommen kaum mehr als zweimal im Buch vor. Die Spannung baust du an den richtigen Stellen auf, wenn auch nicht immer perfekt. Ich w\u00fcrde dir raten, w\u00e4hrend der Geschichte einige Fragen zu beantworten, so dass man in der Geschichte den Roten Faden wieder findet.<\/p>\n<p><b>Fazit<\/b><br \/>\nEine vielleicht verwirrende Geschichte, mit einem tollen Handlungsort und geheimnisvollen Charakteren. Ich finde das Buch ist ein gutes Deb\u00fct! Im zweiten Band wird die Autorin sicher einiges anders machen, aber das Buch war wirklich toll!<br \/>\nIch gebe diesem Fantasy-Deb\u00fct von Sandra Berger &#x2b50;&#xfe0f;&#x2b50;&#xfe0f;&#x2b50;&#xfe0f; von 5 Sterne!<\/p>\n<p><b>Bibliographische Angaben <\/b><br \/>\n* Autorin: Sandra Berger<br \/>\n* Taschenbuch: 308 Seiten<br \/>\n* Verlag: Books on Demand; Auflage: 2 (28. August 2015)<br \/>\n* Sprache: Deutsch<br \/>\n* ISBN-10: 3738623558<br \/>\n* ISBN-13: 978-3738623550<br \/>\n* Gr\u00f6\u00dfe und\/oder Gewicht: 12,7 x 1,8 x 20,3 cm<br \/>\nSchreibt mir eine Mail (josia@jourdan.ch) oder kontaktiert mich \u00fcber Twitter oder Instagram wenn ihr Fragen zu dieser Rezension habt.<\/p>\n","protected":false},"excerpt":{"rendered":"<p>Klappentext Mutter ist tot und das seit 2 Monaten. Ihr weiteres Leben muss Caroline nun beim Vater verbringen. Aber warum kann sie sich nicht an die vergangenen Wochen erinnern? Und warum versuchen alle<\/p>\n","protected":false},"author":3,"featured_media":0,"comment_status":"open","ping_status":"open","sticky":false,"template":"","format":"standard","meta":{"jetpack_post_was_ever_published":false,"_jetpack_newsletter_access":"","_jetpack_dont_email_post_to_subs":false,"_jetpack_newsletter_tier_id":0,"footnotes":"","jetpack_publicize_message":"","jetpack_publicize_feature_enabled":true,"jetpack_social_post_already_shared":false,"jetpack_social_options":{"image_generator_settings":{"template":"highway","enabled":false}}},"categories":[428,4],"tags":[95],"class_list":["post-769","post","type-post","status-publish","format-standard","hentry","category-alle-beitrage","category-fantasy","tag-sandra-berger"],"jetpack_publicize_connections":[],"yoast_head":"<!-- This site is optimized with the Yoast SEO plugin v16.3 - https:\/\/yoast.com\/wordpress\/plugins\/seo\/ -->\n<title>Transformation am Feuersee \/ Rezension | Josia Jourdan<\/title>\n<meta name=\"robots\" content=\"index, follow, max-snippet:-1, max-image-preview:large, max-video-preview:-1\" \/>\n<link rel=\"canonical\" href=\"https:\/\/www.josiajourdan.ch\/wordpress\/transformation-am-feuersee\/\" \/>\n<meta property=\"og:locale\" content=\"de_DE\" \/>\n<meta property=\"og:type\" content=\"article\" \/>\n<meta property=\"og:title\" content=\"Transformation am Feuersee \/ Rezension | Josia Jourdan\" \/>\n<meta property=\"og:description\" content=\"Klappentext Mutter ist tot und das seit 2 Monaten. Ihr weiteres Leben muss Caroline nun beim Vater verbringen. Aber warum kann sie sich nicht an die vergangenen Wochen erinnern? Und warum versuchen alle\" \/>\n<meta property=\"og:url\" content=\"https:\/\/www.josiajourdan.ch\/wordpress\/transformation-am-feuersee\/\" \/>\n<meta property=\"og:site_name\" content=\"Josia Jourdan\" \/>\n<meta property=\"article:published_time\" content=\"2016-07-08T06:34:05+00:00\" \/>\n<meta property=\"article:modified_time\" content=\"2019-07-17T21:49:15+00:00\" \/>\n<meta property=\"og:image\" content=\"http:\/\/josiajourdan.ch\/wordpress\/wp-content\/uploads\/2016\/07\/image-4-190x300.jpeg\" \/>\n<meta name=\"twitter:card\" content=\"summary_large_image\" \/>\n<meta name=\"twitter:label1\" content=\"Gesch\u00e4tzte Lesezeit\">\n\t<meta name=\"twitter:data1\" content=\"2\u00a0Minuten\">\n<script type=\"application\/ld+json\" class=\"yoast-schema-graph\">{\"@context\":\"https:\/\/schema.org\",\"@graph\":[{\"@type\":\"WebSite\",\"@id\":\"https:\/\/www.josiajourdan.ch\/wordpress\/#website\",\"url\":\"https:\/\/www.josiajourdan.ch\/wordpress\/\",\"name\":\"josiajourdan.ch\",\"description\":\"Autor, Speaker und Journalist\",\"publisher\":{\"@id\":\"https:\/\/www.josiajourdan.ch\/wordpress\/#\/schema\/person\/8f666fd3f7eec59fa85f7bedd2438c9d\"},\"potentialAction\":[{\"@type\":\"SearchAction\",\"target\":\"https:\/\/www.josiajourdan.ch\/wordpress\/?s={search_term_string}\",\"query-input\":\"required name=search_term_string\"}],\"inLanguage\":\"de\"},{\"@type\":\"ImageObject\",\"@id\":\"https:\/\/www.josiajourdan.ch\/wordpress\/transformation-am-feuersee\/#primaryimage\",\"inLanguage\":\"de\",\"url\":\"http:\/\/josiajourdan.ch\/wordpress\/wp-content\/uploads\/2016\/07\/image-4-190x300.jpeg\",\"contentUrl\":\"http:\/\/josiajourdan.ch\/wordpress\/wp-content\/uploads\/2016\/07\/image-4-190x300.jpeg\"},{\"@type\":\"WebPage\",\"@id\":\"https:\/\/www.josiajourdan.ch\/wordpress\/transformation-am-feuersee\/#webpage\",\"url\":\"https:\/\/www.josiajourdan.ch\/wordpress\/transformation-am-feuersee\/\",\"name\":\"Transformation am Feuersee \/ Rezension | Josia Jourdan\",\"isPartOf\":{\"@id\":\"https:\/\/www.josiajourdan.ch\/wordpress\/#website\"},\"primaryImageOfPage\":{\"@id\":\"https:\/\/www.josiajourdan.ch\/wordpress\/transformation-am-feuersee\/#primaryimage\"},\"datePublished\":\"2016-07-08T06:34:05+00:00\",\"dateModified\":\"2019-07-17T21:49:15+00:00\",\"breadcrumb\":{\"@id\":\"https:\/\/www.josiajourdan.ch\/wordpress\/transformation-am-feuersee\/#breadcrumb\"},\"inLanguage\":\"de\",\"potentialAction\":[{\"@type\":\"ReadAction\",\"target\":[\"https:\/\/www.josiajourdan.ch\/wordpress\/transformation-am-feuersee\/\"]}]},{\"@type\":\"BreadcrumbList\",\"@id\":\"https:\/\/www.josiajourdan.ch\/wordpress\/transformation-am-feuersee\/#breadcrumb\",\"itemListElement\":[{\"@type\":\"ListItem\",\"position\":1,\"item\":{\"@type\":\"WebPage\",\"@id\":\"https:\/\/www.josiajourdan.ch\/wordpress\/\",\"url\":\"https:\/\/www.josiajourdan.ch\/wordpress\/\",\"name\":\"Startseite\"}},{\"@type\":\"ListItem\",\"position\":2,\"item\":{\"@id\":\"https:\/\/www.josiajourdan.ch\/wordpress\/transformation-am-feuersee\/#webpage\"}}]},{\"@type\":\"Article\",\"@id\":\"https:\/\/www.josiajourdan.ch\/wordpress\/transformation-am-feuersee\/#article\",\"isPartOf\":{\"@id\":\"https:\/\/www.josiajourdan.ch\/wordpress\/transformation-am-feuersee\/#webpage\"},\"author\":{\"@id\":\"https:\/\/www.josiajourdan.ch\/wordpress\/#\/schema\/person\/8f666fd3f7eec59fa85f7bedd2438c9d\"},\"headline\":\"Transformation am Feuersee \/ Rezension\",\"datePublished\":\"2016-07-08T06:34:05+00:00\",\"dateModified\":\"2019-07-17T21:49:15+00:00\",\"mainEntityOfPage\":{\"@id\":\"https:\/\/www.josiajourdan.ch\/wordpress\/transformation-am-feuersee\/#webpage\"},\"wordCount\":404,\"commentCount\":0,\"publisher\":{\"@id\":\"https:\/\/www.josiajourdan.ch\/wordpress\/#\/schema\/person\/8f666fd3f7eec59fa85f7bedd2438c9d\"},\"image\":{\"@id\":\"https:\/\/www.josiajourdan.ch\/wordpress\/transformation-am-feuersee\/#primaryimage\"},\"thumbnailUrl\":\"http:\/\/josiajourdan.ch\/wordpress\/wp-content\/uploads\/2016\/07\/image-4-190x300.jpeg\",\"keywords\":[\"Sandra Berger\"],\"articleSection\":[\"Alle Beitr\\u00e4ge\",\"Fantasy\"],\"inLanguage\":\"de\",\"potentialAction\":[{\"@type\":\"CommentAction\",\"name\":\"Comment\",\"target\":[\"https:\/\/www.josiajourdan.ch\/wordpress\/transformation-am-feuersee\/#respond\"]}]},{\"@type\":[\"Person\",\"Organization\"],\"@id\":\"https:\/\/www.josiajourdan.ch\/wordpress\/#\/schema\/person\/8f666fd3f7eec59fa85f7bedd2438c9d\",\"name\":\"Josia Jourdan\",\"image\":{\"@type\":\"ImageObject\",\"@id\":\"https:\/\/www.josiajourdan.ch\/wordpress\/#personlogo\",\"inLanguage\":\"de\",\"url\":\"https:\/\/secure.gravatar.com\/avatar\/e9ef50b71693368627e1fa033d9759c3?s=96&d=mm&r=g\",\"contentUrl\":\"https:\/\/secure.gravatar.com\/avatar\/e9ef50b71693368627e1fa033d9759c3?s=96&d=mm&r=g\",\"caption\":\"Josia Jourdan\"},\"logo\":{\"@id\":\"https:\/\/www.josiajourdan.ch\/wordpress\/#personlogo\"},\"description\":\"Auf meinem Blog findet ihr Buch- und Kulturtipps. Ich teile meine Leidenschaft f\\u00fcr B\\u00fccher. Ansonsten arbeite ich als Content Creator und Journalist. Mehr zu meiner Arbeit erfahrt ihr auf Instagram @josiajourdan oder in meinem Podcast \\\"Anyways it's a vibe\\\".\",\"sameAs\":[\"http:\/\/josiajourdan.ch\"]}]}<\/script>\n<!-- \/ Yoast SEO plugin. -->","jetpack_featured_media_url":"","jetpack_sharing_enabled":true,"jetpack_shortlink":"https:\/\/wp.me\/p8eAsU-cp","_links":{"self":[{"href":"https:\/\/www.josiajourdan.ch\/wordpress\/wp-json\/wp\/v2\/posts\/769"}],"collection":[{"href":"https:\/\/www.josiajourdan.ch\/wordpress\/wp-json\/wp\/v2\/posts"}],"about":[{"href":"https:\/\/www.josiajourdan.ch\/wordpress\/wp-json\/wp\/v2\/types\/post"}],"author":[{"embeddable":true,"href":"https:\/\/www.josiajourdan.ch\/wordpress\/wp-json\/wp\/v2\/users\/3"}],"replies":[{"embeddable":true,"href":"https:\/\/www.josiajourdan.ch\/wordpress\/wp-json\/wp\/v2\/comments?post=769"}],"version-history":[{"count":2,"href":"https:\/\/www.josiajourdan.ch\/wordpress\/wp-json\/wp\/v2\/posts\/769\/revisions"}],"predecessor-version":[{"id":4359,"href":"https:\/\/www.josiajourdan.ch\/wordpress\/wp-json\/wp\/v2\/posts\/769\/revisions\/4359"}],"wp:attachment":[{"href":"https:\/\/www.josiajourdan.ch\/wordpress\/wp-json\/wp\/v2\/media?parent=769"}],"wp:term":[{"taxonomy":"category","embeddable":true,"href":"https:\/\/www.josiajourdan.ch\/wordpress\/wp-json\/wp\/v2\/categories?post=769"},{"taxonomy":"post_tag","embeddable":true,"href":"https:\/\/www.josiajourdan.ch\/wordpress\/wp-json\/wp\/v2\/tags?post=769"}],"curies":[{"name":"wp","href":"https:\/\/api.w.org\/{rel}","templated":true}]}}