{"id":5267,"date":"2020-04-26T12:07:17","date_gmt":"2020-04-26T10:07:17","guid":{"rendered":"http:\/\/www.josiajourdan.ch\/wordpress\/?p=5267"},"modified":"2021-01-15T00:08:37","modified_gmt":"2021-01-14T23:08:37","slug":"lyx-verlag-oder-warum-sehen-alle-cover-gleich-aus-sonntagsgedanken-60","status":"publish","type":"post","link":"https:\/\/www.josiajourdan.ch\/wordpress\/lyx-verlag-oder-warum-sehen-alle-cover-gleich-aus-sonntagsgedanken-60\/","title":{"rendered":"LYX-Verlag oder warum sehen alle Cover gleich aus | Sonntagsgedanken #60"},"content":{"rendered":"\n<p>\u00c4hnlich aussehende Cover kennen wir, immer wieder wird das Thema besprochen und in jedem Genre gibt es einige Schemen, die sich wiederholen. Aber warum sehen alle Cover des neuen<a href=\"https:\/\/www.josiajourdan.ch\/wordpress\/top-3-lyx-reihen\/\"> LYX-Programms <\/a>gleich aus? Ich erkl\u00e4re euch heute, worin ich das Problem sehe und vor allem, warum ich glaube, dass sich <a href=\"https:\/\/www.luebbe.de\/lyx\">LYX<\/a> l\u00e4ngerfristig damit selbst schaden wird. <\/p>\n\n\n\n<!--more-->\n\n\n\n<h4 class=\"wp-block-heading\">Das neue Herbstprogramm von LYX<\/h4>\n\n\n\n<figure class=\"wp-block-image\"><img fetchpriority=\"high\" decoding=\"async\" width=\"1024\" height=\"1024\" data-attachment-id=\"5269\" data-permalink=\"https:\/\/www.josiajourdan.ch\/wordpress\/lyx-verlag-oder-warum-sehen-alle-cover-gleich-aus-sonntagsgedanken-60\/img_20200425_151422_690\/\" data-orig-file=\"https:\/\/i0.wp.com\/www.josiajourdan.ch\/wordpress\/wp-content\/uploads\/2020\/04\/IMG_20200425_151422_690.jpg?fit=1024%2C1024&amp;ssl=1\" data-orig-size=\"1024,1024\" data-comments-opened=\"1\" data-image-meta=\"{&quot;aperture&quot;:&quot;0&quot;,&quot;credit&quot;:&quot;&quot;,&quot;camera&quot;:&quot;&quot;,&quot;caption&quot;:&quot;&quot;,&quot;created_timestamp&quot;:&quot;0&quot;,&quot;copyright&quot;:&quot;&quot;,&quot;focal_length&quot;:&quot;0&quot;,&quot;iso&quot;:&quot;0&quot;,&quot;shutter_speed&quot;:&quot;0&quot;,&quot;title&quot;:&quot;&quot;,&quot;orientation&quot;:&quot;0&quot;}\" data-image-title=\"IMG_20200425_151422_690\" data-image-description=\"\" data-image-caption=\"\" data-medium-file=\"https:\/\/i0.wp.com\/www.josiajourdan.ch\/wordpress\/wp-content\/uploads\/2020\/04\/IMG_20200425_151422_690.jpg?fit=300%2C300&amp;ssl=1\" data-large-file=\"https:\/\/i0.wp.com\/www.josiajourdan.ch\/wordpress\/wp-content\/uploads\/2020\/04\/IMG_20200425_151422_690.jpg?fit=1024%2C1024&amp;ssl=1\" src=\"https:\/\/i0.wp.com\/www.josiajourdan.ch\/wordpress\/wp-content\/uploads\/2020\/04\/IMG_20200425_151422_690.jpg?resize=1024%2C1024&#038;ssl=1\" alt=\"\" class=\"wp-image-5269\" srcset=\"https:\/\/i0.wp.com\/www.josiajourdan.ch\/wordpress\/wp-content\/uploads\/2020\/04\/IMG_20200425_151422_690.jpg?w=1024&amp;ssl=1 1024w, https:\/\/i0.wp.com\/www.josiajourdan.ch\/wordpress\/wp-content\/uploads\/2020\/04\/IMG_20200425_151422_690.jpg?resize=150%2C150&amp;ssl=1 150w, https:\/\/i0.wp.com\/www.josiajourdan.ch\/wordpress\/wp-content\/uploads\/2020\/04\/IMG_20200425_151422_690.jpg?resize=300%2C300&amp;ssl=1 300w, https:\/\/i0.wp.com\/www.josiajourdan.ch\/wordpress\/wp-content\/uploads\/2020\/04\/IMG_20200425_151422_690.jpg?resize=768%2C768&amp;ssl=1 768w\" sizes=\"(max-width: 1024px) 100vw, 1024px\" data-recalc-dims=\"1\" \/><figcaption>@LYXVerlag &#8211; Collage erstellt von @frau.wortkonfetti <\/figcaption><\/figure>\n\n\n\n<p>Manche w\u00fcrden jetzt sagen \u00abWOW! DIESE COVER SIND SO SCH\u00d6N!\u00bb.\nIch sage \u00abWow. Die sehen alle gleich langweilig aus.\u00bb Denn schaut euch mal\ndiese Cover an. Alle haben sie sch\u00f6ne Farbverl\u00e4ufe, pink, rosa, golden, blau\nund dann noch eine \u00e4sthetische Schrift mit einem relativ nichtssagenden (meist)\nenglischen Titel. Viele st\u00f6rt das nicht, viele wollen halt diese sch\u00f6nen,\ninstagrammable Cover. Sie sehen toll im Regal aus und machen sich gut auf\nFotos. <\/p>\n\n\n\n<h4 class=\"wp-block-heading\">Was ist das Problem?<\/h4>\n\n\n\n<p>Stellt euch vor ihr habt bereits 20 B\u00fccher aus dem LYX-Verlag\nzu Hause, alle mit diesen \u00e4hnlichen Covern und aus dem New Adult-Genre. Ihr\ngeht in die Buchhandlung und steht vor der New Adult-Abteilung und da f\u00e4ngt das\nProblem an. Alle B\u00fccher sehen gleich aus, keines spricht euch vom Cover her\nbesonders krass an, ihr findet eben alle sch\u00f6n. Die Klappentexte sind genauso\nwenig aussagend und am Ende lauft ihr halt einfach mit drei der B\u00fccher aus der\nBuchhandlung. <\/p>\n\n\n\n<p>Ja, funktioniert wunderbar. Aber stellt euch vor, dass das\neine Person ist, die nicht wie wir auf Bookstagram unterwegs ist, einen Blog\nhat oder immer genau weiss, welches Buch man schon gelesen hat. Diese Person\nwird fr\u00fcher oder sp\u00e4ter nicht mehr wissen, welche B\u00fccher aus dem LYX-Verlag sie\nschon besitzt, welche sie gelesen hat und das n\u00e4chste mal, wenn sie in der\nBuchhandlung steht, ist sie hilflos \u00fcberfordert. Vielleicht greift sie dann\neinfach mal zu einem aussagekr\u00e4ftigeren Cover aus einem anderen Verlag.<\/p>\n\n\n\n<p>Das ist die Sicht des Lesers\/der Leserin, die wesentlich\nweniger schlimm als die Sicht des Verlags und der AutorInnen ist. <\/p>\n\n\n\n<h4 class=\"wp-block-heading\">Warum schadet sich LYX selbst und seinen AutorInnen damit\nl\u00e4ngerfristig?<\/h4>\n\n\n\n<p>Wenn man als AutorIn bekannt werden will, wird man\nnormalerweise vom Verlag aufgebaut. Mit Marketingkampagnen, Events und\nnat\u00fcrlich auch Covern, die einen Wiedererkennungswert haben. Aber stellt euch\nmal vor, ihr seid Teil des neuen LYX-Programms und euer Buch sieht genauso aus,\nwie das euer KollegInnen. Nichts von Individualit\u00e4t, nicht, was irgendwas \u00fcber\neure Geschichte aussagt und dann passiert das, was euch als AutorIn schadet,\nihr verschwindet in den Massen, in den Massen eures eigenen Verlags und sp\u00e4ter\ndann auch in der Buchhandlung. Wenn man sich nicht gerade auf AutorInnen-Namen\nauf dem Cover achtet, k\u00f6nnte man sogar meinen, dass manche B\u00fccher alle aus\neiner Reihe sind und AutorInnen verlieren dadurch die M\u00f6glichkeit bekannt zu\nwerden und vor allem aus der Masse herauszustechen. Ein Buch mit einem\nbesonderen Thema f\u00e4llt nicht mehr auf und wird sofort in die Schublade Basic-New\nAdult gesteckt. Aber da sind sicher auch einige Geschichten dabei, die\ninteressante Themen ansprechen, nur weiss ich das nicht, denn anhand der Cover\nerkenne ich es nicht. <\/p>\n\n\n\n<p>LYX dagegen hat das Problem, dass sie l\u00e4ngerfristig LeserInnen verwirren, ihre B\u00fccher in den Buchhandlungen zu einem Einheitsbrei werden und wenn andere Verlage schlauer sind, dann stechen die B\u00fccher halt mehr raus und verkaufen sich dementsprechend auch mehr. LYX kann individuelle Cover. Die <a href=\"https:\/\/www.josiajourdan.ch\/wordpress\/begin-again-1\/\">Again-Reihe<\/a> ist das beste Beispiel. Keine besondere grafische Leistung, aber man erkennt sofort, dass es eine Reihe ist und erkennt eine gewisse Individualit\u00e4t in Vergleich zu den Covern ihres aktuellen Herbstprogramms. <\/p>\n\n\n\n<h4 class=\"wp-block-heading\">Warum macht LYX das trotzdem?<\/h4>\n\n\n\n<p>Es funktioniert derzeit noch sehr gut und es wird sicher\nauch noch l\u00e4nger funktionieren. Denn die Kundschaft steht eben auf diese \u00e4sthetischen,\nlangweiligen Cover und m\u00f6chte am liebsten ein ganzes Regal davon. Man weiss,\nwas einen erwartet, wenn man so ein Buch kauft und auf Instagram hat LYX sich\neine riesige Fanbase aufgebaut, die all diese Cover liebt. Also nur logisch,\ndass man als Verlag das macht, was die K\u00e4uferInnen wollen.<\/p>\n\n\n\n<div class=\"wp-block-image\"><figure class=\"aligncenter is-resized\"><img decoding=\"async\" data-attachment-id=\"4307\" data-permalink=\"https:\/\/www.josiajourdan.ch\/wordpress\/falling-fast-rezension\/dsc_105\/\" data-orig-file=\"https:\/\/i0.wp.com\/www.josiajourdan.ch\/wordpress\/wp-content\/uploads\/2019\/06\/DSC_105.jpg?fit=1620%2C1080&amp;ssl=1\" data-orig-size=\"1620,1080\" data-comments-opened=\"1\" data-image-meta=\"{&quot;aperture&quot;:&quot;5.6&quot;,&quot;credit&quot;:&quot;&quot;,&quot;camera&quot;:&quot;NIKON D5300&quot;,&quot;caption&quot;:&quot;&quot;,&quot;created_timestamp&quot;:&quot;1561136896&quot;,&quot;copyright&quot;:&quot;&quot;,&quot;focal_length&quot;:&quot;34&quot;,&quot;iso&quot;:&quot;800&quot;,&quot;shutter_speed&quot;:&quot;0.008&quot;,&quot;title&quot;:&quot;&quot;,&quot;orientation&quot;:&quot;1&quot;}\" data-image-title=\"DSC_105\" data-image-description=\"\" data-image-caption=\"\" data-medium-file=\"https:\/\/i0.wp.com\/www.josiajourdan.ch\/wordpress\/wp-content\/uploads\/2019\/06\/DSC_105.jpg?fit=300%2C200&amp;ssl=1\" data-large-file=\"https:\/\/i0.wp.com\/www.josiajourdan.ch\/wordpress\/wp-content\/uploads\/2019\/06\/DSC_105.jpg?fit=1024%2C683&amp;ssl=1\" src=\"https:\/\/i0.wp.com\/www.josiajourdan.ch\/wordpress\/wp-content\/uploads\/2019\/06\/DSC_105-1024x683.jpg?resize=277%2C184\" alt=\"LYX Verlag - warum sehen alle Cover gleich aus\" class=\"wp-image-4307\" width=\"277\" height=\"184\" srcset=\"https:\/\/i0.wp.com\/www.josiajourdan.ch\/wordpress\/wp-content\/uploads\/2019\/06\/DSC_105.jpg?resize=1024%2C683&amp;ssl=1 1024w, https:\/\/i0.wp.com\/www.josiajourdan.ch\/wordpress\/wp-content\/uploads\/2019\/06\/DSC_105.jpg?resize=300%2C200&amp;ssl=1 300w, https:\/\/i0.wp.com\/www.josiajourdan.ch\/wordpress\/wp-content\/uploads\/2019\/06\/DSC_105.jpg?resize=768%2C512&amp;ssl=1 768w, https:\/\/i0.wp.com\/www.josiajourdan.ch\/wordpress\/wp-content\/uploads\/2019\/06\/DSC_105.jpg?w=1620&amp;ssl=1 1620w\" sizes=\"(max-width: 277px) 100vw, 277px\" data-recalc-dims=\"1\" \/><\/figure><\/div>\n\n\n\n<h4 class=\"wp-block-heading\">Das w\u00fcnsche ich mir f\u00fcr die Zukunft!<\/h4>\n\n\n\n<p>Ich w\u00fcnsche mir wieder mehr individuelle Cover, die wenigstens\nbisschen mehr \u00fcber die Titel aussagen und gerade innerhalb eines\nVerlagsprogramms nicht verschwinden. Es ist schade f\u00fcr die Geschichten, die\nAutorInnen und es ist sicher auch m\u00f6glich \u00c4sthetik und Individualit\u00e4t zu\nverbinden. Dann weiss man dann auch wieder, was man schon gelesen hat!<\/p>\n\n\n\n<hr class=\"wp-block-separator\"\/>\n\n\n\n<p>Wie steht ihr zu dem Thema? Warum glaubt ihr, sehen alle Cover gleich aus? M\u00f6gt ihr die Cover von LYX? Glaubt ihr, dass sich der Verlag und seinen AutorInnen l\u00e4ngerfristig schadet?<\/p>\n\n\n\n<p>\u00dcbrigens das Thema habe ich auch in meinem neuen YouTube-Format Spill the Tea Buchbubble besprochen. Schaut also auch gerne da vorbei!<\/p>\n\n\n\n<figure class=\"wp-block-embed-youtube wp-block-embed is-type-video is-provider-youtube wp-embed-aspect-16-9 wp-has-aspect-ratio\"><div class=\"wp-block-embed__wrapper\">\n<span class=\"embed-youtube\" style=\"text-align:center; display: block;\"><iframe class=\"youtube-player\" width=\"1170\" height=\"659\" src=\"https:\/\/www.youtube.com\/embed\/ss9OgcDHu78?version=3&#038;rel=1&#038;showsearch=0&#038;showinfo=1&#038;iv_load_policy=1&#038;fs=1&#038;hl=de-DE&#038;autohide=2&#038;wmode=transparent\" allowfullscreen=\"true\" style=\"border:0;\" sandbox=\"allow-scripts allow-same-origin allow-popups allow-presentation allow-popups-to-escape-sandbox\"><\/iframe><\/span>\n<\/div><\/figure>\n","protected":false},"excerpt":{"rendered":"<p>\u00c4hnlich aussehende Cover kennen wir, immer wieder wird das Thema besprochen und in jedem Genre gibt es einige Schemen, die sich wiederholen. Aber warum sehen alle Cover des neuen LYX-Programms gleich aus? Ich erkl\u00e4re euch heute, worin ich das Problem sehe und vor allem, warum ich glaube, dass sich LYX l\u00e4ngerfristig damit selbst schaden wird.<\/p>\n","protected":false},"author":3,"featured_media":5271,"comment_status":"open","ping_status":"open","sticky":false,"template":"","format":"standard","meta":{"jetpack_post_was_ever_published":false,"_jetpack_newsletter_access":"","_jetpack_dont_email_post_to_subs":false,"_jetpack_newsletter_tier_id":0,"footnotes":"","jetpack_publicize_message":"","jetpack_publicize_feature_enabled":true,"jetpack_social_post_already_shared":true,"jetpack_social_options":{"image_generator_settings":{"template":"highway","enabled":false}}},"categories":[428,131],"tags":[703,700,702,699,326,701],"class_list":["post-5267","post","type-post","status-publish","format-standard","has-post-thumbnail","hentry","category-alle-beitrage","category-sonntagsgedanken","tag-703","tag-cover","tag-herbstprogramm","tag-lyx","tag-lyx-verlag","tag-neues-programm"],"jetpack_publicize_connections":[],"yoast_head":"<!-- This site is optimized with the Yoast SEO plugin v16.3 - https:\/\/yoast.com\/wordpress\/plugins\/seo\/ -->\n<title>Warum sehen alle Cover gleich aus? - LYX Verlag | www.josiajourdan.ch<\/title>\n<meta name=\"description\" content=\"Warum sehen alle Cover des neuen LYX-Programms gleich aus? Ich erkl\u00e4re euch, worin ich das Problem sehe und was ich mir f\u00fcr die Zukunft w\u00fcnsche.\" \/>\n<meta name=\"robots\" content=\"index, follow, max-snippet:-1, max-image-preview:large, max-video-preview:-1\" \/>\n<link rel=\"canonical\" href=\"https:\/\/www.josiajourdan.ch\/wordpress\/lyx-verlag-oder-warum-sehen-alle-cover-gleich-aus-sonntagsgedanken-60\/\" \/>\n<meta property=\"og:locale\" content=\"de_DE\" \/>\n<meta property=\"og:type\" content=\"article\" \/>\n<meta property=\"og:title\" content=\"Warum sehen alle Cover gleich aus? - LYX Verlag | www.josiajourdan.ch\" \/>\n<meta property=\"og:description\" content=\"Warum sehen alle Cover des neuen LYX-Programms gleich aus? Ich erkl\u00e4re euch, worin ich das Problem sehe und was ich mir f\u00fcr die Zukunft w\u00fcnsche.\" \/>\n<meta property=\"og:url\" content=\"https:\/\/www.josiajourdan.ch\/wordpress\/lyx-verlag-oder-warum-sehen-alle-cover-gleich-aus-sonntagsgedanken-60\/\" \/>\n<meta property=\"og:site_name\" content=\"Josia Jourdan\" \/>\n<meta property=\"article:published_time\" content=\"2020-04-26T10:07:17+00:00\" \/>\n<meta property=\"article:modified_time\" content=\"2021-01-14T23:08:37+00:00\" \/>\n<meta property=\"og:image\" content=\"https:\/\/i0.wp.com\/www.josiajourdan.ch\/wordpress\/wp-content\/uploads\/2020\/04\/DSC_0523.jpg?fit=1620%2C1080&#038;ssl=1\" \/>\n\t<meta property=\"og:image:width\" content=\"1620\" \/>\n\t<meta property=\"og:image:height\" content=\"1080\" \/>\n<meta name=\"twitter:card\" content=\"summary_large_image\" \/>\n<meta name=\"twitter:label1\" content=\"Gesch\u00e4tzte Lesezeit\">\n\t<meta name=\"twitter:data1\" content=\"4\u00a0Minuten\">\n<script type=\"application\/ld+json\" class=\"yoast-schema-graph\">{\"@context\":\"https:\/\/schema.org\",\"@graph\":[{\"@type\":\"WebSite\",\"@id\":\"https:\/\/www.josiajourdan.ch\/wordpress\/#website\",\"url\":\"https:\/\/www.josiajourdan.ch\/wordpress\/\",\"name\":\"josiajourdan.ch\",\"description\":\"Autor, Speaker und Journalist\",\"publisher\":{\"@id\":\"https:\/\/www.josiajourdan.ch\/wordpress\/#\/schema\/person\/8f666fd3f7eec59fa85f7bedd2438c9d\"},\"potentialAction\":[{\"@type\":\"SearchAction\",\"target\":\"https:\/\/www.josiajourdan.ch\/wordpress\/?s={search_term_string}\",\"query-input\":\"required name=search_term_string\"}],\"inLanguage\":\"de\"},{\"@type\":\"ImageObject\",\"@id\":\"https:\/\/www.josiajourdan.ch\/wordpress\/lyx-verlag-oder-warum-sehen-alle-cover-gleich-aus-sonntagsgedanken-60\/#primaryimage\",\"inLanguage\":\"de\",\"url\":\"https:\/\/i0.wp.com\/www.josiajourdan.ch\/wordpress\/wp-content\/uploads\/2020\/04\/DSC_0523.jpg?fit=1620%2C1080&ssl=1\",\"contentUrl\":\"https:\/\/i0.wp.com\/www.josiajourdan.ch\/wordpress\/wp-content\/uploads\/2020\/04\/DSC_0523.jpg?fit=1620%2C1080&ssl=1\",\"width\":1620,\"height\":1080,\"caption\":\"LYX Verlag - warum sehen alle Cover gleich aus\"},{\"@type\":\"WebPage\",\"@id\":\"https:\/\/www.josiajourdan.ch\/wordpress\/lyx-verlag-oder-warum-sehen-alle-cover-gleich-aus-sonntagsgedanken-60\/#webpage\",\"url\":\"https:\/\/www.josiajourdan.ch\/wordpress\/lyx-verlag-oder-warum-sehen-alle-cover-gleich-aus-sonntagsgedanken-60\/\",\"name\":\"Warum sehen alle Cover gleich aus? - LYX Verlag | www.josiajourdan.ch\",\"isPartOf\":{\"@id\":\"https:\/\/www.josiajourdan.ch\/wordpress\/#website\"},\"primaryImageOfPage\":{\"@id\":\"https:\/\/www.josiajourdan.ch\/wordpress\/lyx-verlag-oder-warum-sehen-alle-cover-gleich-aus-sonntagsgedanken-60\/#primaryimage\"},\"datePublished\":\"2020-04-26T10:07:17+00:00\",\"dateModified\":\"2021-01-14T23:08:37+00:00\",\"description\":\"Warum sehen alle Cover des neuen LYX-Programms gleich aus? Ich erkl\\u00e4re euch, worin ich das Problem sehe und was ich mir f\\u00fcr die Zukunft w\\u00fcnsche.\",\"breadcrumb\":{\"@id\":\"https:\/\/www.josiajourdan.ch\/wordpress\/lyx-verlag-oder-warum-sehen-alle-cover-gleich-aus-sonntagsgedanken-60\/#breadcrumb\"},\"inLanguage\":\"de\",\"potentialAction\":[{\"@type\":\"ReadAction\",\"target\":[\"https:\/\/www.josiajourdan.ch\/wordpress\/lyx-verlag-oder-warum-sehen-alle-cover-gleich-aus-sonntagsgedanken-60\/\"]}]},{\"@type\":\"BreadcrumbList\",\"@id\":\"https:\/\/www.josiajourdan.ch\/wordpress\/lyx-verlag-oder-warum-sehen-alle-cover-gleich-aus-sonntagsgedanken-60\/#breadcrumb\",\"itemListElement\":[{\"@type\":\"ListItem\",\"position\":1,\"item\":{\"@type\":\"WebPage\",\"@id\":\"https:\/\/www.josiajourdan.ch\/wordpress\/\",\"url\":\"https:\/\/www.josiajourdan.ch\/wordpress\/\",\"name\":\"Startseite\"}},{\"@type\":\"ListItem\",\"position\":2,\"item\":{\"@id\":\"https:\/\/www.josiajourdan.ch\/wordpress\/lyx-verlag-oder-warum-sehen-alle-cover-gleich-aus-sonntagsgedanken-60\/#webpage\"}}]},{\"@type\":\"Article\",\"@id\":\"https:\/\/www.josiajourdan.ch\/wordpress\/lyx-verlag-oder-warum-sehen-alle-cover-gleich-aus-sonntagsgedanken-60\/#article\",\"isPartOf\":{\"@id\":\"https:\/\/www.josiajourdan.ch\/wordpress\/lyx-verlag-oder-warum-sehen-alle-cover-gleich-aus-sonntagsgedanken-60\/#webpage\"},\"author\":{\"@id\":\"https:\/\/www.josiajourdan.ch\/wordpress\/#\/schema\/person\/8f666fd3f7eec59fa85f7bedd2438c9d\"},\"headline\":\"LYX-Verlag oder warum sehen alle Cover gleich aus | Sonntagsgedanken #60\",\"datePublished\":\"2020-04-26T10:07:17+00:00\",\"dateModified\":\"2021-01-14T23:08:37+00:00\",\"mainEntityOfPage\":{\"@id\":\"https:\/\/www.josiajourdan.ch\/wordpress\/lyx-verlag-oder-warum-sehen-alle-cover-gleich-aus-sonntagsgedanken-60\/#webpage\"},\"wordCount\":814,\"commentCount\":10,\"publisher\":{\"@id\":\"https:\/\/www.josiajourdan.ch\/wordpress\/#\/schema\/person\/8f666fd3f7eec59fa85f7bedd2438c9d\"},\"image\":{\"@id\":\"https:\/\/www.josiajourdan.ch\/wordpress\/lyx-verlag-oder-warum-sehen-alle-cover-gleich-aus-sonntagsgedanken-60\/#primaryimage\"},\"thumbnailUrl\":\"https:\/\/i0.wp.com\/www.josiajourdan.ch\/wordpress\/wp-content\/uploads\/2020\/04\/DSC_0523.jpg?fit=1620%2C1080&ssl=1\",\"keywords\":[\"2020\",\"Cover\",\"Herbstprogramm\",\"LYX\",\"LYX Verlag\",\"neues Programm\"],\"articleSection\":[\"Alle Beitr\\u00e4ge\",\"Sonntagsgedanken\"],\"inLanguage\":\"de\",\"potentialAction\":[{\"@type\":\"CommentAction\",\"name\":\"Comment\",\"target\":[\"https:\/\/www.josiajourdan.ch\/wordpress\/lyx-verlag-oder-warum-sehen-alle-cover-gleich-aus-sonntagsgedanken-60\/#respond\"]}]},{\"@type\":[\"Person\",\"Organization\"],\"@id\":\"https:\/\/www.josiajourdan.ch\/wordpress\/#\/schema\/person\/8f666fd3f7eec59fa85f7bedd2438c9d\",\"name\":\"Josia Jourdan\",\"image\":{\"@type\":\"ImageObject\",\"@id\":\"https:\/\/www.josiajourdan.ch\/wordpress\/#personlogo\",\"inLanguage\":\"de\",\"url\":\"https:\/\/secure.gravatar.com\/avatar\/e9ef50b71693368627e1fa033d9759c3?s=96&d=mm&r=g\",\"contentUrl\":\"https:\/\/secure.gravatar.com\/avatar\/e9ef50b71693368627e1fa033d9759c3?s=96&d=mm&r=g\",\"caption\":\"Josia Jourdan\"},\"logo\":{\"@id\":\"https:\/\/www.josiajourdan.ch\/wordpress\/#personlogo\"},\"description\":\"Auf meinem Blog findet ihr Buch- und Kulturtipps. Ich teile meine Leidenschaft f\\u00fcr B\\u00fccher. Ansonsten arbeite ich als Content Creator und Journalist. Mehr zu meiner Arbeit erfahrt ihr auf Instagram @josiajourdan oder in meinem Podcast \\\"Anyways it's a vibe\\\".\",\"sameAs\":[\"http:\/\/josiajourdan.ch\"]}]}<\/script>\n<!-- \/ Yoast SEO plugin. -->","jetpack_featured_media_url":"https:\/\/i0.wp.com\/www.josiajourdan.ch\/wordpress\/wp-content\/uploads\/2020\/04\/DSC_0523.jpg?fit=1620%2C1080&ssl=1","jetpack_sharing_enabled":true,"jetpack_shortlink":"https:\/\/wp.me\/p8eAsU-1mX","_links":{"self":[{"href":"https:\/\/www.josiajourdan.ch\/wordpress\/wp-json\/wp\/v2\/posts\/5267"}],"collection":[{"href":"https:\/\/www.josiajourdan.ch\/wordpress\/wp-json\/wp\/v2\/posts"}],"about":[{"href":"https:\/\/www.josiajourdan.ch\/wordpress\/wp-json\/wp\/v2\/types\/post"}],"author":[{"embeddable":true,"href":"https:\/\/www.josiajourdan.ch\/wordpress\/wp-json\/wp\/v2\/users\/3"}],"replies":[{"embeddable":true,"href":"https:\/\/www.josiajourdan.ch\/wordpress\/wp-json\/wp\/v2\/comments?post=5267"}],"version-history":[{"count":4,"href":"https:\/\/www.josiajourdan.ch\/wordpress\/wp-json\/wp\/v2\/posts\/5267\/revisions"}],"predecessor-version":[{"id":5274,"href":"https:\/\/www.josiajourdan.ch\/wordpress\/wp-json\/wp\/v2\/posts\/5267\/revisions\/5274"}],"wp:featuredmedia":[{"embeddable":true,"href":"https:\/\/www.josiajourdan.ch\/wordpress\/wp-json\/wp\/v2\/media\/5271"}],"wp:attachment":[{"href":"https:\/\/www.josiajourdan.ch\/wordpress\/wp-json\/wp\/v2\/media?parent=5267"}],"wp:term":[{"taxonomy":"category","embeddable":true,"href":"https:\/\/www.josiajourdan.ch\/wordpress\/wp-json\/wp\/v2\/categories?post=5267"},{"taxonomy":"post_tag","embeddable":true,"href":"https:\/\/www.josiajourdan.ch\/wordpress\/wp-json\/wp\/v2\/tags?post=5267"}],"curies":[{"name":"wp","href":"https:\/\/api.w.org\/{rel}","templated":true}]}}